{"id":4377,"date":"2025-01-16T10:13:11","date_gmt":"2025-01-16T09:13:11","guid":{"rendered":"https:\/\/evabenal.com\/?p=4377"},"modified":"2025-01-16T10:35:46","modified_gmt":"2025-01-16T09:35:46","slug":"memoria-daigua","status":"publish","type":"post","link":"https:\/\/evabenal.com\/es\/memoria-daigua\/","title":{"rendered":"Mem\u00f2ria d&#8217;Aigua"},"content":{"rendered":"\n<p class=\"has-text-align-center\">L&#8217;Albufera, ara nom\u00e9s un record, preservada entre parets d&#8217;un museu. Aquesta obra, \u00abMem\u00f2ria d&#8217;Aigua\u00bb, \u00e9s un reflex de la fragilitat d&#8217;un ecosistema que es pot esvair. Representa un futur on la natura que un dia va ser viva i vibrant, es converteix en una pe\u00e7a de museu, testimoni d\u2019all\u00f2 que ja no existeix. Un homenatge i un advertiment: la mem\u00f2ria de l&#8217;aigua pot quedar redu\u00efda a una simple exposici\u00f3 si no actuem ara.<\/p>\n\n\n\n<figure class=\"wp-block-image alignfull size-full\"><img data-recalc-dims=\"1\" decoding=\"async\" width=\"1290\" height=\"726\" src=\"https:\/\/i0.wp.com\/evabenal.com\/wp-content\/uploads\/2025\/01\/memoriasinpersonas-scaled.jpg?resize=1290%2C726&#038;ssl=1\" alt=\"\" class=\"wp-image-4379\" srcset=\"https:\/\/i0.wp.com\/evabenal.com\/wp-content\/uploads\/2025\/01\/memoriasinpersonas-scaled.jpg?w=2560&amp;ssl=1 2560w, https:\/\/i0.wp.com\/evabenal.com\/wp-content\/uploads\/2025\/01\/memoriasinpersonas-scaled.jpg?resize=300%2C169&amp;ssl=1 300w, https:\/\/i0.wp.com\/evabenal.com\/wp-content\/uploads\/2025\/01\/memoriasinpersonas-scaled.jpg?resize=1200%2C675&amp;ssl=1 1200w, https:\/\/i0.wp.com\/evabenal.com\/wp-content\/uploads\/2025\/01\/memoriasinpersonas-scaled.jpg?resize=768%2C432&amp;ssl=1 768w, https:\/\/i0.wp.com\/evabenal.com\/wp-content\/uploads\/2025\/01\/memoriasinpersonas-scaled.jpg?resize=1536%2C864&amp;ssl=1 1536w, https:\/\/i0.wp.com\/evabenal.com\/wp-content\/uploads\/2025\/01\/memoriasinpersonas-scaled.jpg?resize=2048%2C1152&amp;ssl=1 2048w, https:\/\/i0.wp.com\/evabenal.com\/wp-content\/uploads\/2025\/01\/memoriasinpersonas-scaled.jpg?resize=18%2C10&amp;ssl=1 18w, https:\/\/i0.wp.com\/evabenal.com\/wp-content\/uploads\/2025\/01\/memoriasinpersonas-scaled.jpg?resize=1000%2C563&amp;ssl=1 1000w\" sizes=\"(max-width: 1290px) 100vw, 1290px\" \/><\/figure>\n\n\n\n<figure style=\"padding-top:var(--wp--preset--spacing--80);padding-right:0;padding-bottom:var(--wp--preset--spacing--80);padding-left:0\" class=\"wp-block-video\"><video height=\"1552\" style=\"aspect-ratio: 2760 \/ 1552;\" width=\"2760\" controls src=\"https:\/\/evabenal.com\/wp-content\/uploads\/2025\/01\/MULTIPASENUEVOPAPEL.mp4\" playsinline><\/video><\/figure>\n\n\n\n<figure class=\"wp-block-image alignfull size-full\"><img data-recalc-dims=\"1\" decoding=\"async\" width=\"1290\" height=\"726\" src=\"https:\/\/i0.wp.com\/evabenal.com\/wp-content\/uploads\/2025\/01\/memoriadaigua-scaled.jpg?resize=1290%2C726&#038;ssl=1\" alt=\"\" class=\"wp-image-4378\" srcset=\"https:\/\/i0.wp.com\/evabenal.com\/wp-content\/uploads\/2025\/01\/memoriadaigua-scaled.jpg?w=2560&amp;ssl=1 2560w, https:\/\/i0.wp.com\/evabenal.com\/wp-content\/uploads\/2025\/01\/memoriadaigua-scaled.jpg?resize=300%2C169&amp;ssl=1 300w, https:\/\/i0.wp.com\/evabenal.com\/wp-content\/uploads\/2025\/01\/memoriadaigua-scaled.jpg?resize=1200%2C675&amp;ssl=1 1200w, https:\/\/i0.wp.com\/evabenal.com\/wp-content\/uploads\/2025\/01\/memoriadaigua-scaled.jpg?resize=768%2C432&amp;ssl=1 768w, https:\/\/i0.wp.com\/evabenal.com\/wp-content\/uploads\/2025\/01\/memoriadaigua-scaled.jpg?resize=1536%2C864&amp;ssl=1 1536w, https:\/\/i0.wp.com\/evabenal.com\/wp-content\/uploads\/2025\/01\/memoriadaigua-scaled.jpg?resize=2048%2C1152&amp;ssl=1 2048w, https:\/\/i0.wp.com\/evabenal.com\/wp-content\/uploads\/2025\/01\/memoriadaigua-scaled.jpg?resize=18%2C10&amp;ssl=1 18w, https:\/\/i0.wp.com\/evabenal.com\/wp-content\/uploads\/2025\/01\/memoriadaigua-scaled.jpg?resize=1000%2C563&amp;ssl=1 1000w\" sizes=\"(max-width: 1290px) 100vw, 1290px\" \/><\/figure>\n","protected":false},"excerpt":{"rendered":"<p>L&#8217;Albufera, ara nom\u00e9s un record, preservada entre parets d&#8217;un museu. Aquesta obra, \u00abMem\u00f2ria d&#8217;Aigua\u00bb, \u00e9s un reflex de la fragilitat d&#8217;un ecosistema que es pot esvair. Representa un futur on la natura que un dia va ser viva i vibrant, es converteix en una pe\u00e7a de museu, testimoni d\u2019all\u00f2 que ja no existeix. Un homenatge [&hellip;]<\/p>\n","protected":false},"author":1,"featured_media":4379,"comment_status":"open","ping_status":"open","sticky":false,"template":"","format":"standard","meta":{"_jetpack_memberships_contains_paid_content":false,"footnotes":""},"categories":[1],"tags":[],"class_list":["post-4377","post","type-post","status-publish","format-standard","has-post-thumbnail","hentry","category-sin-categoria"],"blocksy_meta":[],"yoast_head":"<!-- This site is optimized with the Yoast SEO plugin v27.4 - https:\/\/yoast.com\/product\/yoast-seo-wordpress\/ -->\n<title>Mem\u00f2ria d&#039;Aigua - Eva Benal<\/title>\n<meta name=\"robots\" content=\"index, follow, max-snippet:-1, max-image-preview:large, max-video-preview:-1\" \/>\n<link rel=\"canonical\" href=\"https:\/\/evabenal.com\/es\/memoria-daigua\/\" \/>\n<meta property=\"og:locale\" content=\"es_ES\" \/>\n<meta property=\"og:type\" content=\"article\" \/>\n<meta property=\"og:title\" content=\"Mem\u00f2ria d&#039;Aigua - Eva Benal\" \/>\n<meta property=\"og:description\" content=\"L&#8217;Albufera, ara nom\u00e9s un record, preservada entre parets d&#8217;un museu. Aquesta obra, \u00abMem\u00f2ria d&#8217;Aigua\u00bb, \u00e9s un reflex de la fragilitat d&#8217;un ecosistema que es pot esvair. Representa un futur on la natura que un dia va ser viva i vibrant, es converteix en una pe\u00e7a de museu, testimoni d\u2019all\u00f2 que ja no existeix. Un homenatge [&hellip;]\" \/>\n<meta property=\"og:url\" content=\"https:\/\/evabenal.com\/es\/memoria-daigua\/\" \/>\n<meta property=\"og:site_name\" content=\"Eva Benal\" \/>\n<meta property=\"article:publisher\" content=\"https:\/\/www.facebook.com\/evabenalph\" \/>\n<meta property=\"article:author\" content=\"https:\/\/www.facebook.com\/evabenalph\" \/>\n<meta property=\"article:published_time\" content=\"2025-01-16T09:13:11+00:00\" \/>\n<meta property=\"article:modified_time\" content=\"2025-01-16T09:35:46+00:00\" \/>\n<meta property=\"og:image\" content=\"https:\/\/evabenal.com\/wp-content\/uploads\/2025\/01\/memoriasinpersonas-scaled.jpg\" \/>\n\t<meta property=\"og:image:width\" content=\"2560\" \/>\n\t<meta property=\"og:image:height\" content=\"1440\" \/>\n\t<meta property=\"og:image:type\" content=\"image\/jpeg\" \/>\n<meta name=\"author\" content=\"evabenal\" \/>\n<meta name=\"twitter:card\" content=\"summary_large_image\" \/>\n<meta name=\"twitter:creator\" content=\"@https:\/\/twitter.com\/evabenal\" \/>\n<meta name=\"twitter:site\" content=\"@evabenal\" \/>\n<meta name=\"twitter:label1\" content=\"Escrito por\" \/>\n\t<meta name=\"twitter:data1\" content=\"evabenal\" \/>\n\t<meta name=\"twitter:label2\" content=\"Tiempo de lectura\" \/>\n\t<meta name=\"twitter:data2\" content=\"1 minuto\" \/>\n<script type=\"application\/ld+json\" class=\"yoast-schema-graph\">{\"@context\":\"https:\\\/\\\/schema.org\",\"@graph\":[{\"@type\":\"Article\",\"@id\":\"https:\\\/\\\/evabenal.com\\\/memoria-daigua\\\/#article\",\"isPartOf\":{\"@id\":\"https:\\\/\\\/evabenal.com\\\/memoria-daigua\\\/\"},\"author\":{\"name\":\"evabenal\",\"@id\":\"https:\\\/\\\/evabenal.com\\\/#\\\/schema\\\/person\\\/f83ae42c801fcce05a27956faf973660\"},\"headline\":\"Mem\u00f2ria d&#8217;Aigua\",\"datePublished\":\"2025-01-16T09:13:11+00:00\",\"dateModified\":\"2025-01-16T09:35:46+00:00\",\"mainEntityOfPage\":{\"@id\":\"https:\\\/\\\/evabenal.com\\\/memoria-daigua\\\/\"},\"wordCount\":88,\"commentCount\":0,\"publisher\":{\"@id\":\"https:\\\/\\\/evabenal.com\\\/#\\\/schema\\\/person\\\/f83ae42c801fcce05a27956faf973660\"},\"image\":{\"@id\":\"https:\\\/\\\/evabenal.com\\\/memoria-daigua\\\/#primaryimage\"},\"thumbnailUrl\":\"https:\\\/\\\/i0.wp.com\\\/evabenal.com\\\/wp-content\\\/uploads\\\/2025\\\/01\\\/memoriasinpersonas-scaled.jpg?fit=2560%2C1440&ssl=1\",\"inLanguage\":\"es\",\"potentialAction\":[{\"@type\":\"CommentAction\",\"name\":\"Comment\",\"target\":[\"https:\\\/\\\/evabenal.com\\\/memoria-daigua\\\/#respond\"]}]},{\"@type\":\"WebPage\",\"@id\":\"https:\\\/\\\/evabenal.com\\\/memoria-daigua\\\/\",\"url\":\"https:\\\/\\\/evabenal.com\\\/memoria-daigua\\\/\",\"name\":\"Mem\u00f2ria d'Aigua - Eva Benal\",\"isPartOf\":{\"@id\":\"https:\\\/\\\/evabenal.com\\\/#website\"},\"primaryImageOfPage\":{\"@id\":\"https:\\\/\\\/evabenal.com\\\/memoria-daigua\\\/#primaryimage\"},\"image\":{\"@id\":\"https:\\\/\\\/evabenal.com\\\/memoria-daigua\\\/#primaryimage\"},\"thumbnailUrl\":\"https:\\\/\\\/i0.wp.com\\\/evabenal.com\\\/wp-content\\\/uploads\\\/2025\\\/01\\\/memoriasinpersonas-scaled.jpg?fit=2560%2C1440&ssl=1\",\"datePublished\":\"2025-01-16T09:13:11+00:00\",\"dateModified\":\"2025-01-16T09:35:46+00:00\",\"breadcrumb\":{\"@id\":\"https:\\\/\\\/evabenal.com\\\/memoria-daigua\\\/#breadcrumb\"},\"inLanguage\":\"es\",\"potentialAction\":[{\"@type\":\"ReadAction\",\"target\":[\"https:\\\/\\\/evabenal.com\\\/memoria-daigua\\\/\"]}]},{\"@type\":\"ImageObject\",\"inLanguage\":\"es\",\"@id\":\"https:\\\/\\\/evabenal.com\\\/memoria-daigua\\\/#primaryimage\",\"url\":\"https:\\\/\\\/i0.wp.com\\\/evabenal.com\\\/wp-content\\\/uploads\\\/2025\\\/01\\\/memoriasinpersonas-scaled.jpg?fit=2560%2C1440&ssl=1\",\"contentUrl\":\"https:\\\/\\\/i0.wp.com\\\/evabenal.com\\\/wp-content\\\/uploads\\\/2025\\\/01\\\/memoriasinpersonas-scaled.jpg?fit=2560%2C1440&ssl=1\",\"width\":2560,\"height\":1440},{\"@type\":\"BreadcrumbList\",\"@id\":\"https:\\\/\\\/evabenal.com\\\/memoria-daigua\\\/#breadcrumb\",\"itemListElement\":[{\"@type\":\"ListItem\",\"position\":1,\"name\":\"Portada\",\"item\":\"https:\\\/\\\/evabenal.com\\\/\"},{\"@type\":\"ListItem\",\"position\":2,\"name\":\"Mem\u00f2ria d&#8217;Aigua\"}]},{\"@type\":\"WebSite\",\"@id\":\"https:\\\/\\\/evabenal.com\\\/#website\",\"url\":\"https:\\\/\\\/evabenal.com\\\/\",\"name\":\"Eva Benal\",\"description\":\"My name is Eva Benal, I am a visual and 3D artist\",\"publisher\":{\"@id\":\"https:\\\/\\\/evabenal.com\\\/#\\\/schema\\\/person\\\/f83ae42c801fcce05a27956faf973660\"},\"potentialAction\":[{\"@type\":\"SearchAction\",\"target\":{\"@type\":\"EntryPoint\",\"urlTemplate\":\"https:\\\/\\\/evabenal.com\\\/?s={search_term_string}\"},\"query-input\":{\"@type\":\"PropertyValueSpecification\",\"valueRequired\":true,\"valueName\":\"search_term_string\"}}],\"inLanguage\":\"es\"},{\"@type\":[\"Person\",\"Organization\"],\"@id\":\"https:\\\/\\\/evabenal.com\\\/#\\\/schema\\\/person\\\/f83ae42c801fcce05a27956faf973660\",\"name\":\"evabenal\",\"image\":{\"@type\":\"ImageObject\",\"inLanguage\":\"es\",\"@id\":\"https:\\\/\\\/evabenal.com\\\/wp-content\\\/uploads\\\/2024\\\/01\\\/Benal_Eva_Imaginacio_2.jpg\",\"url\":\"https:\\\/\\\/evabenal.com\\\/wp-content\\\/uploads\\\/2024\\\/01\\\/Benal_Eva_Imaginacio_2.jpg\",\"contentUrl\":\"https:\\\/\\\/evabenal.com\\\/wp-content\\\/uploads\\\/2024\\\/01\\\/Benal_Eva_Imaginacio_2.jpg\",\"width\":824,\"height\":1024,\"caption\":\"evabenal\"},\"logo\":{\"@id\":\"https:\\\/\\\/evabenal.com\\\/wp-content\\\/uploads\\\/2024\\\/01\\\/Benal_Eva_Imaginacio_2.jpg\"},\"sameAs\":[\"https:\\\/\\\/evabenal.com\",\"https:\\\/\\\/www.facebook.com\\\/evabenalph\",\"https:\\\/\\\/www.instagram.com\\\/evabenal\\\/\",\"https:\\\/\\\/x.com\\\/https:\\\/\\\/twitter.com\\\/evabenal\"],\"url\":\"https:\\\/\\\/evabenal.com\\\/es\\\/author\\\/evabenal\\\/\"}]}<\/script>\n<!-- \/ Yoast SEO plugin. -->","yoast_head_json":{"title":"Mem\u00f2ria d'Aigua - Eva Benal","robots":{"index":"index","follow":"follow","max-snippet":"max-snippet:-1","max-image-preview":"max-image-preview:large","max-video-preview":"max-video-preview:-1"},"canonical":"https:\/\/evabenal.com\/es\/memoria-daigua\/","og_locale":"es_ES","og_type":"article","og_title":"Mem\u00f2ria d'Aigua - Eva Benal","og_description":"L&#8217;Albufera, ara nom\u00e9s un record, preservada entre parets d&#8217;un museu. Aquesta obra, \u00abMem\u00f2ria d&#8217;Aigua\u00bb, \u00e9s un reflex de la fragilitat d&#8217;un ecosistema que es pot esvair. Representa un futur on la natura que un dia va ser viva i vibrant, es converteix en una pe\u00e7a de museu, testimoni d\u2019all\u00f2 que ja no existeix. Un homenatge [&hellip;]","og_url":"https:\/\/evabenal.com\/es\/memoria-daigua\/","og_site_name":"Eva Benal","article_publisher":"https:\/\/www.facebook.com\/evabenalph","article_author":"https:\/\/www.facebook.com\/evabenalph","article_published_time":"2025-01-16T09:13:11+00:00","article_modified_time":"2025-01-16T09:35:46+00:00","og_image":[{"width":2560,"height":1440,"url":"https:\/\/evabenal.com\/wp-content\/uploads\/2025\/01\/memoriasinpersonas-scaled.jpg","type":"image\/jpeg"}],"author":"evabenal","twitter_card":"summary_large_image","twitter_creator":"@https:\/\/twitter.com\/evabenal","twitter_site":"@evabenal","twitter_misc":{"Escrito por":"evabenal","Tiempo de lectura":"1 minuto"},"schema":{"@context":"https:\/\/schema.org","@graph":[{"@type":"Article","@id":"https:\/\/evabenal.com\/memoria-daigua\/#article","isPartOf":{"@id":"https:\/\/evabenal.com\/memoria-daigua\/"},"author":{"name":"evabenal","@id":"https:\/\/evabenal.com\/#\/schema\/person\/f83ae42c801fcce05a27956faf973660"},"headline":"Mem\u00f2ria d&#8217;Aigua","datePublished":"2025-01-16T09:13:11+00:00","dateModified":"2025-01-16T09:35:46+00:00","mainEntityOfPage":{"@id":"https:\/\/evabenal.com\/memoria-daigua\/"},"wordCount":88,"commentCount":0,"publisher":{"@id":"https:\/\/evabenal.com\/#\/schema\/person\/f83ae42c801fcce05a27956faf973660"},"image":{"@id":"https:\/\/evabenal.com\/memoria-daigua\/#primaryimage"},"thumbnailUrl":"https:\/\/i0.wp.com\/evabenal.com\/wp-content\/uploads\/2025\/01\/memoriasinpersonas-scaled.jpg?fit=2560%2C1440&ssl=1","inLanguage":"es","potentialAction":[{"@type":"CommentAction","name":"Comment","target":["https:\/\/evabenal.com\/memoria-daigua\/#respond"]}]},{"@type":"WebPage","@id":"https:\/\/evabenal.com\/memoria-daigua\/","url":"https:\/\/evabenal.com\/memoria-daigua\/","name":"Mem\u00f2ria d'Aigua - Eva Benal","isPartOf":{"@id":"https:\/\/evabenal.com\/#website"},"primaryImageOfPage":{"@id":"https:\/\/evabenal.com\/memoria-daigua\/#primaryimage"},"image":{"@id":"https:\/\/evabenal.com\/memoria-daigua\/#primaryimage"},"thumbnailUrl":"https:\/\/i0.wp.com\/evabenal.com\/wp-content\/uploads\/2025\/01\/memoriasinpersonas-scaled.jpg?fit=2560%2C1440&ssl=1","datePublished":"2025-01-16T09:13:11+00:00","dateModified":"2025-01-16T09:35:46+00:00","breadcrumb":{"@id":"https:\/\/evabenal.com\/memoria-daigua\/#breadcrumb"},"inLanguage":"es","potentialAction":[{"@type":"ReadAction","target":["https:\/\/evabenal.com\/memoria-daigua\/"]}]},{"@type":"ImageObject","inLanguage":"es","@id":"https:\/\/evabenal.com\/memoria-daigua\/#primaryimage","url":"https:\/\/i0.wp.com\/evabenal.com\/wp-content\/uploads\/2025\/01\/memoriasinpersonas-scaled.jpg?fit=2560%2C1440&ssl=1","contentUrl":"https:\/\/i0.wp.com\/evabenal.com\/wp-content\/uploads\/2025\/01\/memoriasinpersonas-scaled.jpg?fit=2560%2C1440&ssl=1","width":2560,"height":1440},{"@type":"BreadcrumbList","@id":"https:\/\/evabenal.com\/memoria-daigua\/#breadcrumb","itemListElement":[{"@type":"ListItem","position":1,"name":"Portada","item":"https:\/\/evabenal.com\/"},{"@type":"ListItem","position":2,"name":"Mem\u00f2ria d&#8217;Aigua"}]},{"@type":"WebSite","@id":"https:\/\/evabenal.com\/#website","url":"https:\/\/evabenal.com\/","name":"Eva Benal","description":"My name is Eva Benal, I am a visual and 3D artist","publisher":{"@id":"https:\/\/evabenal.com\/#\/schema\/person\/f83ae42c801fcce05a27956faf973660"},"potentialAction":[{"@type":"SearchAction","target":{"@type":"EntryPoint","urlTemplate":"https:\/\/evabenal.com\/?s={search_term_string}"},"query-input":{"@type":"PropertyValueSpecification","valueRequired":true,"valueName":"search_term_string"}}],"inLanguage":"es"},{"@type":["Person","Organization"],"@id":"https:\/\/evabenal.com\/#\/schema\/person\/f83ae42c801fcce05a27956faf973660","name":"evabenal","image":{"@type":"ImageObject","inLanguage":"es","@id":"https:\/\/evabenal.com\/wp-content\/uploads\/2024\/01\/Benal_Eva_Imaginacio_2.jpg","url":"https:\/\/evabenal.com\/wp-content\/uploads\/2024\/01\/Benal_Eva_Imaginacio_2.jpg","contentUrl":"https:\/\/evabenal.com\/wp-content\/uploads\/2024\/01\/Benal_Eva_Imaginacio_2.jpg","width":824,"height":1024,"caption":"evabenal"},"logo":{"@id":"https:\/\/evabenal.com\/wp-content\/uploads\/2024\/01\/Benal_Eva_Imaginacio_2.jpg"},"sameAs":["https:\/\/evabenal.com","https:\/\/www.facebook.com\/evabenalph","https:\/\/www.instagram.com\/evabenal\/","https:\/\/x.com\/https:\/\/twitter.com\/evabenal"],"url":"https:\/\/evabenal.com\/es\/author\/evabenal\/"}]}},"jetpack_featured_media_url":"https:\/\/i0.wp.com\/evabenal.com\/wp-content\/uploads\/2025\/01\/memoriasinpersonas-scaled.jpg?fit=2560%2C1440&ssl=1","jetpack_sharing_enabled":true,"_links":{"self":[{"href":"https:\/\/evabenal.com\/es\/wp-json\/wp\/v2\/posts\/4377","targetHints":{"allow":["GET"]}}],"collection":[{"href":"https:\/\/evabenal.com\/es\/wp-json\/wp\/v2\/posts"}],"about":[{"href":"https:\/\/evabenal.com\/es\/wp-json\/wp\/v2\/types\/post"}],"author":[{"embeddable":true,"href":"https:\/\/evabenal.com\/es\/wp-json\/wp\/v2\/users\/1"}],"replies":[{"embeddable":true,"href":"https:\/\/evabenal.com\/es\/wp-json\/wp\/v2\/comments?post=4377"}],"version-history":[{"count":0,"href":"https:\/\/evabenal.com\/es\/wp-json\/wp\/v2\/posts\/4377\/revisions"}],"wp:featuredmedia":[{"embeddable":true,"href":"https:\/\/evabenal.com\/es\/wp-json\/wp\/v2\/media\/4379"}],"wp:attachment":[{"href":"https:\/\/evabenal.com\/es\/wp-json\/wp\/v2\/media?parent=4377"}],"wp:term":[{"taxonomy":"category","embeddable":true,"href":"https:\/\/evabenal.com\/es\/wp-json\/wp\/v2\/categories?post=4377"},{"taxonomy":"post_tag","embeddable":true,"href":"https:\/\/evabenal.com\/es\/wp-json\/wp\/v2\/tags?post=4377"}],"curies":[{"name":"wp","href":"https:\/\/api.w.org\/{rel}","templated":true}]}}