{"id":48,"date":"2024-08-09T13:33:38","date_gmt":"2024-08-09T11:33:38","guid":{"rendered":"http:\/\/localhost\/wordpress\/?p=48"},"modified":"2025-01-16T10:40:38","modified_gmt":"2025-01-16T09:40:38","slug":"el-meu-nuvol-blanc","status":"publish","type":"post","link":"https:\/\/evabenal.com\/es\/el-meu-nuvol-blanc\/","title":{"rendered":"EL MEU N\u00daVOL BLANC"},"content":{"rendered":"\n<p>La obra, inspirada en el \u2018n\u00favol blanc\u2019 (nube blanca) a la que canta Llu\u00eds Llach, es una oda a lo ef\u00edmero, a todo aquello que sabemos que se desvanecer\u00e1 pero que ahora est\u00e1 presente. <\/p>\n\n\n\n<p>La nube, anclada a las ra\u00edces, pero suspendida en el aire, evoca resquicios del pasado que en alg\u00fan momento estuvieron presentes. La nube, la cual da cobijo al espectador y lo llama a detenerse un instante para observar el paso del tiempo.<\/p>\n\n\n\n<p><\/p>\n\n\n\n<figure class=\"wp-block-image alignfull size-full\"><img data-recalc-dims=\"1\" decoding=\"async\" src=\"https:\/\/i0.wp.com\/evabenal.com\/wp-content\/uploads\/2023\/12\/EvaBenal_elmeunuvolblanc-2.jpg?w=1290&#038;ssl=1\" alt=\"\" class=\"wp-image-34\"\/><\/figure>\n","protected":false},"excerpt":{"rendered":"<p>La obra, inspirada en el \u2018n\u00favol blanc\u2019 (nube blanca) a la que canta Llu\u00eds Llach, es una oda a lo ef\u00edmero, a todo aquello que sabemos que se desvanecer\u00e1 pero que ahora est\u00e1 presente. La nube, anclada a las ra\u00edces, pero suspendida en el aire, evoca resquicios del pasado que en alg\u00fan momento estuvieron presentes. [&hellip;]<\/p>\n","protected":false},"author":1,"featured_media":34,"comment_status":"open","ping_status":"open","sticky":false,"template":"","format":"standard","meta":{"_jetpack_memberships_contains_paid_content":false,"footnotes":""},"categories":[1],"tags":[],"class_list":["post-48","post","type-post","status-publish","format-standard","has-post-thumbnail","hentry","category-sin-categoria"],"blocksy_meta":[],"yoast_head":"<!-- This site is optimized with the Yoast SEO plugin v27.4 - https:\/\/yoast.com\/product\/yoast-seo-wordpress\/ -->\n<title>EL MEU N\u00daVOL BLANC - Eva Benal<\/title>\n<meta name=\"description\" content=\"Descubre &#039;N\u00favol Blanc&#039;, una obra inspirada en la canci\u00f3n de Llu\u00eds Llach. Una oda a lo ef\u00edmero, capturando momentos que se desvanecer\u00e1n. La nube, anclada en ra\u00edces, suspendida en el aire, invita a reflexionar sobre el pasado presente. Detente y observa el paso del tiempo.\" \/>\n<meta name=\"robots\" content=\"index, follow, max-snippet:-1, max-image-preview:large, max-video-preview:-1\" \/>\n<link rel=\"canonical\" href=\"https:\/\/evabenal.com\/es\/el-meu-nuvol-blanc\/\" \/>\n<meta property=\"og:locale\" content=\"es_ES\" \/>\n<meta property=\"og:type\" content=\"article\" \/>\n<meta property=\"og:title\" content=\"EL MEU N\u00daVOL BLANC - Eva Benal\" \/>\n<meta property=\"og:description\" content=\"Descubre &#039;N\u00favol Blanc&#039;, una obra inspirada en la canci\u00f3n de Llu\u00eds Llach. Una oda a lo ef\u00edmero, capturando momentos que se desvanecer\u00e1n. La nube, anclada en ra\u00edces, suspendida en el aire, invita a reflexionar sobre el pasado presente. Detente y observa el paso del tiempo.\" \/>\n<meta property=\"og:url\" content=\"https:\/\/evabenal.com\/es\/el-meu-nuvol-blanc\/\" \/>\n<meta property=\"og:site_name\" content=\"Eva Benal\" \/>\n<meta property=\"article:publisher\" content=\"https:\/\/www.facebook.com\/evabenalph\" \/>\n<meta property=\"article:author\" content=\"https:\/\/www.facebook.com\/evabenalph\" \/>\n<meta property=\"article:published_time\" content=\"2024-08-09T11:33:38+00:00\" \/>\n<meta property=\"article:modified_time\" content=\"2025-01-16T09:40:38+00:00\" \/>\n<meta property=\"og:image\" content=\"https:\/\/evabenal.com\/wp-content\/uploads\/2023\/12\/EvaBenal_elmeunuvolblanc-2-scaled.jpg\" \/>\n\t<meta property=\"og:image:width\" content=\"2560\" \/>\n\t<meta property=\"og:image:height\" content=\"1707\" \/>\n\t<meta property=\"og:image:type\" content=\"image\/jpeg\" \/>\n<meta name=\"author\" content=\"evabenal\" \/>\n<meta name=\"twitter:card\" content=\"summary_large_image\" \/>\n<meta name=\"twitter:creator\" content=\"@https:\/\/twitter.com\/evabenal\" \/>\n<meta name=\"twitter:site\" content=\"@evabenal\" \/>\n<meta name=\"twitter:label1\" content=\"Escrito por\" \/>\n\t<meta name=\"twitter:data1\" content=\"evabenal\" \/>\n\t<meta name=\"twitter:label2\" content=\"Tiempo de lectura\" \/>\n\t<meta name=\"twitter:data2\" content=\"1 minuto\" \/>\n<script type=\"application\/ld+json\" class=\"yoast-schema-graph\">{\"@context\":\"https:\\\/\\\/schema.org\",\"@graph\":[{\"@type\":\"Article\",\"@id\":\"https:\\\/\\\/evabenal.com\\\/el-meu-nuvol-blanc\\\/#article\",\"isPartOf\":{\"@id\":\"https:\\\/\\\/evabenal.com\\\/el-meu-nuvol-blanc\\\/\"},\"author\":{\"name\":\"evabenal\",\"@id\":\"https:\\\/\\\/evabenal.com\\\/#\\\/schema\\\/person\\\/f83ae42c801fcce05a27956faf973660\"},\"headline\":\"EL MEU N\u00daVOL BLANC\",\"datePublished\":\"2024-08-09T11:33:38+00:00\",\"dateModified\":\"2025-01-16T09:40:38+00:00\",\"mainEntityOfPage\":{\"@id\":\"https:\\\/\\\/evabenal.com\\\/el-meu-nuvol-blanc\\\/\"},\"wordCount\":86,\"commentCount\":0,\"publisher\":{\"@id\":\"https:\\\/\\\/evabenal.com\\\/#\\\/schema\\\/person\\\/f83ae42c801fcce05a27956faf973660\"},\"image\":{\"@id\":\"https:\\\/\\\/evabenal.com\\\/el-meu-nuvol-blanc\\\/#primaryimage\"},\"thumbnailUrl\":\"https:\\\/\\\/i0.wp.com\\\/evabenal.com\\\/wp-content\\\/uploads\\\/2023\\\/12\\\/EvaBenal_elmeunuvolblanc-2-scaled.jpg?fit=2560%2C1707&ssl=1\",\"inLanguage\":\"es\",\"potentialAction\":[{\"@type\":\"CommentAction\",\"name\":\"Comment\",\"target\":[\"https:\\\/\\\/evabenal.com\\\/el-meu-nuvol-blanc\\\/#respond\"]}]},{\"@type\":\"WebPage\",\"@id\":\"https:\\\/\\\/evabenal.com\\\/el-meu-nuvol-blanc\\\/\",\"url\":\"https:\\\/\\\/evabenal.com\\\/el-meu-nuvol-blanc\\\/\",\"name\":\"EL MEU N\u00daVOL BLANC - Eva Benal\",\"isPartOf\":{\"@id\":\"https:\\\/\\\/evabenal.com\\\/#website\"},\"primaryImageOfPage\":{\"@id\":\"https:\\\/\\\/evabenal.com\\\/el-meu-nuvol-blanc\\\/#primaryimage\"},\"image\":{\"@id\":\"https:\\\/\\\/evabenal.com\\\/el-meu-nuvol-blanc\\\/#primaryimage\"},\"thumbnailUrl\":\"https:\\\/\\\/i0.wp.com\\\/evabenal.com\\\/wp-content\\\/uploads\\\/2023\\\/12\\\/EvaBenal_elmeunuvolblanc-2-scaled.jpg?fit=2560%2C1707&ssl=1\",\"datePublished\":\"2024-08-09T11:33:38+00:00\",\"dateModified\":\"2025-01-16T09:40:38+00:00\",\"description\":\"Descubre 'N\u00favol Blanc', una obra inspirada en la canci\u00f3n de Llu\u00eds Llach. Una oda a lo ef\u00edmero, capturando momentos que se desvanecer\u00e1n. La nube, anclada en ra\u00edces, suspendida en el aire, invita a reflexionar sobre el pasado presente. Detente y observa el paso del tiempo.\",\"breadcrumb\":{\"@id\":\"https:\\\/\\\/evabenal.com\\\/el-meu-nuvol-blanc\\\/#breadcrumb\"},\"inLanguage\":\"es\",\"potentialAction\":[{\"@type\":\"ReadAction\",\"target\":[\"https:\\\/\\\/evabenal.com\\\/el-meu-nuvol-blanc\\\/\"]}]},{\"@type\":\"ImageObject\",\"inLanguage\":\"es\",\"@id\":\"https:\\\/\\\/evabenal.com\\\/el-meu-nuvol-blanc\\\/#primaryimage\",\"url\":\"https:\\\/\\\/i0.wp.com\\\/evabenal.com\\\/wp-content\\\/uploads\\\/2023\\\/12\\\/EvaBenal_elmeunuvolblanc-2-scaled.jpg?fit=2560%2C1707&ssl=1\",\"contentUrl\":\"https:\\\/\\\/i0.wp.com\\\/evabenal.com\\\/wp-content\\\/uploads\\\/2023\\\/12\\\/EvaBenal_elmeunuvolblanc-2-scaled.jpg?fit=2560%2C1707&ssl=1\",\"width\":2560,\"height\":1707,\"caption\":\"El meu n\u00favol blanc\"},{\"@type\":\"BreadcrumbList\",\"@id\":\"https:\\\/\\\/evabenal.com\\\/el-meu-nuvol-blanc\\\/#breadcrumb\",\"itemListElement\":[{\"@type\":\"ListItem\",\"position\":1,\"name\":\"Portada\",\"item\":\"https:\\\/\\\/evabenal.com\\\/\"},{\"@type\":\"ListItem\",\"position\":2,\"name\":\"EL MEU N\u00daVOL BLANC\"}]},{\"@type\":\"WebSite\",\"@id\":\"https:\\\/\\\/evabenal.com\\\/#website\",\"url\":\"https:\\\/\\\/evabenal.com\\\/\",\"name\":\"Eva Benal\",\"description\":\"My name is Eva Benal, I am a visual and 3D artist\",\"publisher\":{\"@id\":\"https:\\\/\\\/evabenal.com\\\/#\\\/schema\\\/person\\\/f83ae42c801fcce05a27956faf973660\"},\"potentialAction\":[{\"@type\":\"SearchAction\",\"target\":{\"@type\":\"EntryPoint\",\"urlTemplate\":\"https:\\\/\\\/evabenal.com\\\/?s={search_term_string}\"},\"query-input\":{\"@type\":\"PropertyValueSpecification\",\"valueRequired\":true,\"valueName\":\"search_term_string\"}}],\"inLanguage\":\"es\"},{\"@type\":[\"Person\",\"Organization\"],\"@id\":\"https:\\\/\\\/evabenal.com\\\/#\\\/schema\\\/person\\\/f83ae42c801fcce05a27956faf973660\",\"name\":\"evabenal\",\"image\":{\"@type\":\"ImageObject\",\"inLanguage\":\"es\",\"@id\":\"https:\\\/\\\/evabenal.com\\\/wp-content\\\/uploads\\\/2024\\\/01\\\/Benal_Eva_Imaginacio_2.jpg\",\"url\":\"https:\\\/\\\/evabenal.com\\\/wp-content\\\/uploads\\\/2024\\\/01\\\/Benal_Eva_Imaginacio_2.jpg\",\"contentUrl\":\"https:\\\/\\\/evabenal.com\\\/wp-content\\\/uploads\\\/2024\\\/01\\\/Benal_Eva_Imaginacio_2.jpg\",\"width\":824,\"height\":1024,\"caption\":\"evabenal\"},\"logo\":{\"@id\":\"https:\\\/\\\/evabenal.com\\\/wp-content\\\/uploads\\\/2024\\\/01\\\/Benal_Eva_Imaginacio_2.jpg\"},\"sameAs\":[\"https:\\\/\\\/evabenal.com\",\"https:\\\/\\\/www.facebook.com\\\/evabenalph\",\"https:\\\/\\\/www.instagram.com\\\/evabenal\\\/\",\"https:\\\/\\\/x.com\\\/https:\\\/\\\/twitter.com\\\/evabenal\"],\"url\":\"https:\\\/\\\/evabenal.com\\\/es\\\/author\\\/evabenal\\\/\"}]}<\/script>\n<!-- \/ Yoast SEO plugin. -->","yoast_head_json":{"title":"EL MEU N\u00daVOL BLANC - Eva Benal","description":"Descubre 'N\u00favol Blanc', una obra inspirada en la canci\u00f3n de Llu\u00eds Llach. Una oda a lo ef\u00edmero, capturando momentos que se desvanecer\u00e1n. La nube, anclada en ra\u00edces, suspendida en el aire, invita a reflexionar sobre el pasado presente. Detente y observa el paso del tiempo.","robots":{"index":"index","follow":"follow","max-snippet":"max-snippet:-1","max-image-preview":"max-image-preview:large","max-video-preview":"max-video-preview:-1"},"canonical":"https:\/\/evabenal.com\/es\/el-meu-nuvol-blanc\/","og_locale":"es_ES","og_type":"article","og_title":"EL MEU N\u00daVOL BLANC - Eva Benal","og_description":"Descubre 'N\u00favol Blanc', una obra inspirada en la canci\u00f3n de Llu\u00eds Llach. Una oda a lo ef\u00edmero, capturando momentos que se desvanecer\u00e1n. La nube, anclada en ra\u00edces, suspendida en el aire, invita a reflexionar sobre el pasado presente. Detente y observa el paso del tiempo.","og_url":"https:\/\/evabenal.com\/es\/el-meu-nuvol-blanc\/","og_site_name":"Eva Benal","article_publisher":"https:\/\/www.facebook.com\/evabenalph","article_author":"https:\/\/www.facebook.com\/evabenalph","article_published_time":"2024-08-09T11:33:38+00:00","article_modified_time":"2025-01-16T09:40:38+00:00","og_image":[{"width":2560,"height":1707,"url":"https:\/\/evabenal.com\/wp-content\/uploads\/2023\/12\/EvaBenal_elmeunuvolblanc-2-scaled.jpg","type":"image\/jpeg"}],"author":"evabenal","twitter_card":"summary_large_image","twitter_creator":"@https:\/\/twitter.com\/evabenal","twitter_site":"@evabenal","twitter_misc":{"Escrito por":"evabenal","Tiempo de lectura":"1 minuto"},"schema":{"@context":"https:\/\/schema.org","@graph":[{"@type":"Article","@id":"https:\/\/evabenal.com\/el-meu-nuvol-blanc\/#article","isPartOf":{"@id":"https:\/\/evabenal.com\/el-meu-nuvol-blanc\/"},"author":{"name":"evabenal","@id":"https:\/\/evabenal.com\/#\/schema\/person\/f83ae42c801fcce05a27956faf973660"},"headline":"EL MEU N\u00daVOL BLANC","datePublished":"2024-08-09T11:33:38+00:00","dateModified":"2025-01-16T09:40:38+00:00","mainEntityOfPage":{"@id":"https:\/\/evabenal.com\/el-meu-nuvol-blanc\/"},"wordCount":86,"commentCount":0,"publisher":{"@id":"https:\/\/evabenal.com\/#\/schema\/person\/f83ae42c801fcce05a27956faf973660"},"image":{"@id":"https:\/\/evabenal.com\/el-meu-nuvol-blanc\/#primaryimage"},"thumbnailUrl":"https:\/\/i0.wp.com\/evabenal.com\/wp-content\/uploads\/2023\/12\/EvaBenal_elmeunuvolblanc-2-scaled.jpg?fit=2560%2C1707&ssl=1","inLanguage":"es","potentialAction":[{"@type":"CommentAction","name":"Comment","target":["https:\/\/evabenal.com\/el-meu-nuvol-blanc\/#respond"]}]},{"@type":"WebPage","@id":"https:\/\/evabenal.com\/el-meu-nuvol-blanc\/","url":"https:\/\/evabenal.com\/el-meu-nuvol-blanc\/","name":"EL MEU N\u00daVOL BLANC - Eva Benal","isPartOf":{"@id":"https:\/\/evabenal.com\/#website"},"primaryImageOfPage":{"@id":"https:\/\/evabenal.com\/el-meu-nuvol-blanc\/#primaryimage"},"image":{"@id":"https:\/\/evabenal.com\/el-meu-nuvol-blanc\/#primaryimage"},"thumbnailUrl":"https:\/\/i0.wp.com\/evabenal.com\/wp-content\/uploads\/2023\/12\/EvaBenal_elmeunuvolblanc-2-scaled.jpg?fit=2560%2C1707&ssl=1","datePublished":"2024-08-09T11:33:38+00:00","dateModified":"2025-01-16T09:40:38+00:00","description":"Descubre 'N\u00favol Blanc', una obra inspirada en la canci\u00f3n de Llu\u00eds Llach. Una oda a lo ef\u00edmero, capturando momentos que se desvanecer\u00e1n. La nube, anclada en ra\u00edces, suspendida en el aire, invita a reflexionar sobre el pasado presente. Detente y observa el paso del tiempo.","breadcrumb":{"@id":"https:\/\/evabenal.com\/el-meu-nuvol-blanc\/#breadcrumb"},"inLanguage":"es","potentialAction":[{"@type":"ReadAction","target":["https:\/\/evabenal.com\/el-meu-nuvol-blanc\/"]}]},{"@type":"ImageObject","inLanguage":"es","@id":"https:\/\/evabenal.com\/el-meu-nuvol-blanc\/#primaryimage","url":"https:\/\/i0.wp.com\/evabenal.com\/wp-content\/uploads\/2023\/12\/EvaBenal_elmeunuvolblanc-2-scaled.jpg?fit=2560%2C1707&ssl=1","contentUrl":"https:\/\/i0.wp.com\/evabenal.com\/wp-content\/uploads\/2023\/12\/EvaBenal_elmeunuvolblanc-2-scaled.jpg?fit=2560%2C1707&ssl=1","width":2560,"height":1707,"caption":"El meu n\u00favol blanc"},{"@type":"BreadcrumbList","@id":"https:\/\/evabenal.com\/el-meu-nuvol-blanc\/#breadcrumb","itemListElement":[{"@type":"ListItem","position":1,"name":"Portada","item":"https:\/\/evabenal.com\/"},{"@type":"ListItem","position":2,"name":"EL MEU N\u00daVOL BLANC"}]},{"@type":"WebSite","@id":"https:\/\/evabenal.com\/#website","url":"https:\/\/evabenal.com\/","name":"Eva Benal","description":"My name is Eva Benal, I am a visual and 3D artist","publisher":{"@id":"https:\/\/evabenal.com\/#\/schema\/person\/f83ae42c801fcce05a27956faf973660"},"potentialAction":[{"@type":"SearchAction","target":{"@type":"EntryPoint","urlTemplate":"https:\/\/evabenal.com\/?s={search_term_string}"},"query-input":{"@type":"PropertyValueSpecification","valueRequired":true,"valueName":"search_term_string"}}],"inLanguage":"es"},{"@type":["Person","Organization"],"@id":"https:\/\/evabenal.com\/#\/schema\/person\/f83ae42c801fcce05a27956faf973660","name":"evabenal","image":{"@type":"ImageObject","inLanguage":"es","@id":"https:\/\/evabenal.com\/wp-content\/uploads\/2024\/01\/Benal_Eva_Imaginacio_2.jpg","url":"https:\/\/evabenal.com\/wp-content\/uploads\/2024\/01\/Benal_Eva_Imaginacio_2.jpg","contentUrl":"https:\/\/evabenal.com\/wp-content\/uploads\/2024\/01\/Benal_Eva_Imaginacio_2.jpg","width":824,"height":1024,"caption":"evabenal"},"logo":{"@id":"https:\/\/evabenal.com\/wp-content\/uploads\/2024\/01\/Benal_Eva_Imaginacio_2.jpg"},"sameAs":["https:\/\/evabenal.com","https:\/\/www.facebook.com\/evabenalph","https:\/\/www.instagram.com\/evabenal\/","https:\/\/x.com\/https:\/\/twitter.com\/evabenal"],"url":"https:\/\/evabenal.com\/es\/author\/evabenal\/"}]}},"jetpack_featured_media_url":"https:\/\/i0.wp.com\/evabenal.com\/wp-content\/uploads\/2023\/12\/EvaBenal_elmeunuvolblanc-2-scaled.jpg?fit=2560%2C1707&ssl=1","jetpack_sharing_enabled":true,"_links":{"self":[{"href":"https:\/\/evabenal.com\/es\/wp-json\/wp\/v2\/posts\/48","targetHints":{"allow":["GET"]}}],"collection":[{"href":"https:\/\/evabenal.com\/es\/wp-json\/wp\/v2\/posts"}],"about":[{"href":"https:\/\/evabenal.com\/es\/wp-json\/wp\/v2\/types\/post"}],"author":[{"embeddable":true,"href":"https:\/\/evabenal.com\/es\/wp-json\/wp\/v2\/users\/1"}],"replies":[{"embeddable":true,"href":"https:\/\/evabenal.com\/es\/wp-json\/wp\/v2\/comments?post=48"}],"version-history":[{"count":0,"href":"https:\/\/evabenal.com\/es\/wp-json\/wp\/v2\/posts\/48\/revisions"}],"wp:featuredmedia":[{"embeddable":true,"href":"https:\/\/evabenal.com\/es\/wp-json\/wp\/v2\/media\/34"}],"wp:attachment":[{"href":"https:\/\/evabenal.com\/es\/wp-json\/wp\/v2\/media?parent=48"}],"wp:term":[{"taxonomy":"category","embeddable":true,"href":"https:\/\/evabenal.com\/es\/wp-json\/wp\/v2\/categories?post=48"},{"taxonomy":"post_tag","embeddable":true,"href":"https:\/\/evabenal.com\/es\/wp-json\/wp\/v2\/tags?post=48"}],"curies":[{"name":"wp","href":"https:\/\/api.w.org\/{rel}","templated":true}]}}